{"id":60,"date":"2020-07-12T08:59:29","date_gmt":"2020-07-12T08:59:29","guid":{"rendered":"https:\/\/demo.casethemes.net\/bixol\/?p=60"},"modified":"2021-08-04T03:49:27","modified_gmt":"2021-08-04T03:49:27","slug":"locate-bixol-usa-office-near-you","status":"publish","type":"post","link":"https:\/\/grupogscol.com\/panama\/locate-bixol-usa-office-near-you\/","title":{"rendered":"The plagues in history"},"content":{"rendered":"<p>The most devastating plague to ravage the Greek world was the Plague of Athens (428 BC), documented in detail by Thucydides, although there are more confusing descriptions of the Plague of Agrigento (406 BC) and Syracuse (396 BC) as well as of the Plague Julia (180 BC) and the mythical Plague of Aegina that Ovid mentions in his &#8220;Metamorphoses&#8221;. The Roman Empire was not spared the plague either. Marco Aurelio was the victim of the first epidemic and in Rome and they died in the 3rd century c.C. about 5,000 people a day for his cause. The great epidemics influenced history. Thus it is believed that Justinian&#8217;s failure to restore imperial unity in the Mediterranean was due in large part to the effect of the plague which alarmingly diminished his armies. Similarly, the Roman and Persian forces lost their resistance to the Muslim armies in 637.<\/p>\n<div id='gallery-1' class='gallery galleryid-60 gallery-columns-2 gallery-size-full'><figure class='gallery-item'>\n\t\t\t<div class='gallery-icon landscape'>\n\t\t\t\t<a href='https:\/\/grupogscol.com\/panama\/wp-content\/uploads\/2020\/07\/ThinkstockPhotos-864045362.jpg'><img decoding=\"async\" width=\"1920\" height=\"1281\" src=\"https:\/\/grupogscol.com\/panama\/wp-content\/uploads\/2020\/07\/ThinkstockPhotos-864045362.jpg\" class=\"attachment-full size-full\" alt=\"\" srcset=\"https:\/\/grupogscol.com\/panama\/wp-content\/uploads\/2020\/07\/ThinkstockPhotos-864045362.jpg 1920w, https:\/\/grupogscol.com\/panama\/wp-content\/uploads\/2020\/07\/ThinkstockPhotos-864045362-601x401.jpg 601w, https:\/\/grupogscol.com\/panama\/wp-content\/uploads\/2020\/07\/ThinkstockPhotos-864045362-300x200.jpg 300w, https:\/\/grupogscol.com\/panama\/wp-content\/uploads\/2020\/07\/ThinkstockPhotos-864045362-1024x683.jpg 1024w, https:\/\/grupogscol.com\/panama\/wp-content\/uploads\/2020\/07\/ThinkstockPhotos-864045362-768x512.jpg 768w, https:\/\/grupogscol.com\/panama\/wp-content\/uploads\/2020\/07\/ThinkstockPhotos-864045362-1536x1025.jpg 1536w\" sizes=\"(max-width: 1920px) 100vw, 1920px\" \/><\/a>\n\t\t\t<\/div><\/figure><figure class='gallery-item'>\n\t\t\t<div class='gallery-icon landscape'>\n\t\t\t\t<a href='https:\/\/grupogscol.com\/panama\/wp-content\/uploads\/2020\/07\/Termonebulizacion_1200x731.png'><img decoding=\"async\" width=\"1200\" height=\"731\" src=\"https:\/\/grupogscol.com\/panama\/wp-content\/uploads\/2020\/07\/Termonebulizacion_1200x731.png\" class=\"attachment-full size-full\" alt=\"\" srcset=\"https:\/\/grupogscol.com\/panama\/wp-content\/uploads\/2020\/07\/Termonebulizacion_1200x731.png 1200w, https:\/\/grupogscol.com\/panama\/wp-content\/uploads\/2020\/07\/Termonebulizacion_1200x731-601x366.png 601w, https:\/\/grupogscol.com\/panama\/wp-content\/uploads\/2020\/07\/Termonebulizacion_1200x731-300x183.png 300w, https:\/\/grupogscol.com\/panama\/wp-content\/uploads\/2020\/07\/Termonebulizacion_1200x731-1024x624.png 1024w, https:\/\/grupogscol.com\/panama\/wp-content\/uploads\/2020\/07\/Termonebulizacion_1200x731-768x468.png 768w\" sizes=\"(max-width: 1200px) 100vw, 1200px\" \/><\/a>\n\t\t\t<\/div><\/figure>\n\t\t<\/div>\n\n","protected":false},"excerpt":{"rendered":"<p>Las plaga m\u00e1s devastadora\u00a0 de las que asolaron el mundo griego fue la peste de Atenas (428 a.C.), documentada con detalle por Tuc\u00eddides, aunque hay descripciones m\u00e1s confusas de la Peste de Agrigento (406 a.C.) y Siracusa (396 a.C.) as\u00ed como de la Peste Julia (180 a.C.) y de la m\u00edtica Peste de Egina que Ovidio menciona en sus &#8220;Metamorfosis&#8221;. El imperio romano tampoco se libr\u00f3 de la peste.<\/p>\n","protected":false},"author":1,"featured_media":4128,"comment_status":"open","ping_status":"open","sticky":false,"template":"","format":"standard","meta":{"footnotes":""},"categories":[2],"tags":[9,6,8,7],"class_list":["post-60","post","type-post","status-publish","format-standard","has-post-thumbnail","hentry","category-casas","tag-empresa","tag-grupo-gs","tag-limpieza","tag-negocios"],"_links":{"self":[{"href":"https:\/\/grupogscol.com\/panama\/wp-json\/wp\/v2\/posts\/60","targetHints":{"allow":["GET"]}}],"collection":[{"href":"https:\/\/grupogscol.com\/panama\/wp-json\/wp\/v2\/posts"}],"about":[{"href":"https:\/\/grupogscol.com\/panama\/wp-json\/wp\/v2\/types\/post"}],"author":[{"embeddable":true,"href":"https:\/\/grupogscol.com\/panama\/wp-json\/wp\/v2\/users\/1"}],"replies":[{"embeddable":true,"href":"https:\/\/grupogscol.com\/panama\/wp-json\/wp\/v2\/comments?post=60"}],"version-history":[{"count":4,"href":"https:\/\/grupogscol.com\/panama\/wp-json\/wp\/v2\/posts\/60\/revisions"}],"predecessor-version":[{"id":4644,"href":"https:\/\/grupogscol.com\/panama\/wp-json\/wp\/v2\/posts\/60\/revisions\/4644"}],"wp:featuredmedia":[{"embeddable":true,"href":"https:\/\/grupogscol.com\/panama\/wp-json\/wp\/v2\/media\/4128"}],"wp:attachment":[{"href":"https:\/\/grupogscol.com\/panama\/wp-json\/wp\/v2\/media?parent=60"}],"wp:term":[{"taxonomy":"category","embeddable":true,"href":"https:\/\/grupogscol.com\/panama\/wp-json\/wp\/v2\/categories?post=60"},{"taxonomy":"post_tag","embeddable":true,"href":"https:\/\/grupogscol.com\/panama\/wp-json\/wp\/v2\/tags?post=60"}],"curies":[{"name":"wp","href":"https:\/\/api.w.org\/{rel}","templated":true}]}}